{"id":1611,"date":"2026-08-20T14:23:24","date_gmt":"2026-08-20T12:23:24","guid":{"rendered":"https:\/\/aptekacentrum.lublin.pl\/blog\/?p=1611"},"modified":"2026-09-04T10:03:53","modified_gmt":"2026-09-04T08:03:53","slug":"wypalenie-zawodowe-objawy-przyczyny-i-jak-sobie-radzic","status":"publish","type":"post","link":"https:\/\/aptekacentrum.lublin.pl\/blog\/wypalenie-zawodowe-objawy-przyczyny-i-jak-sobie-radzic\/","title":{"rendered":"Wypalenie zawodowe &#8211; objawy, przyczyny i jak sobie radzi\u0107"},"content":{"rendered":"\n<p class=\"wp-block-paragraph\">Wypalenie zawodowe to skutek przewlek\u0142ego stresu w pracy, z kt\u00f3rym organizm przesta\u0142 sobie radzi\u0107. WHO opisuje je trzema objawami: wyczerpaniem energii, rosn\u0105cym dystansem i cynizmem wobec pracy oraz spadkiem poczucia w\u0142asnej skuteczno\u015bci. W klasyfikacji ICD-11 nie jest chorob\u0105, lecz czynnikiem wp\u0142ywaj\u0105cym na stan zdrowia, dlatego samo w sobie nie stanowi podstawy do zwolnienia lekarskiego. Urlop przynosi ulg\u0119 na kilka dni i szybko przestaje dzia\u0142a\u0107. Popraw\u0119 daj\u0105 zmiany w organizacji pracy, terapia poznawczo-behawioralna i odbudowa snu.<\/p>\n\n\n\n<h2 class=\"wp-block-heading\">Co to jest wypalenie zawodowe?<\/h2>\n\n\n\n<p class=\"wp-block-paragraph\">64% Polak\u00f3w pracuj\u0105cych obecnie lub w przesz\u0142o\u015bci przyznaje, \u017ce do\u015bwiadczy\u0142o wypalenia zawodowego: 22% odczuwa je teraz, a 42% odczuwa\u0142o wcze\u015bniej. Tak wynika z badania Og\u00f3lnopolskiego Panelu Badawczego Ariadna, zrealizowanego we wrze\u015bniu 2025 roku na pr\u00f3bie 1138 os\u00f3b. <strong>Wypalenie zawodowe<\/strong>&nbsp;to stan wyczerpania, kt\u00f3ry rozwija si\u0119 w odpowiedzi na przewlek\u0142y stres w miejscu pracy, gdy nie uda\u0142o si\u0119 go opanowa\u0107. Nie jest chwilowym zm\u0119czeniem po trudnym kwartale. Narasta miesi\u0105cami i nie ust\u0119puje po weekendzie.<\/p>\n\n\n\n<p class=\"wp-block-paragraph\">\u015awiatowa Organizacja Zdrowia opisa\u0142a je w klasyfikacji ICD-11, obowi\u0105zuj\u0105cej od stycznia 2022 roku, przez trzy zjawiska:<\/p>\n\n\n\n<ul class=\"wp-block-list\">\n<li>wyczerpanie energii, kt\u00f3re utrzymuje si\u0119 mimo odpoczynku,<\/li>\n\n\n\n<li>rosn\u0105cy dystans do pracy, negatywne nastawienie lub cynizm wobec obowi\u0105zk\u00f3w,<\/li>\n\n\n\n<li>spadek poczucia w\u0142asnej skuteczno\u015bci zawodowej.<\/li>\n<\/ul>\n\n\n\n<p class=\"wp-block-paragraph\">Jedna rzecz budzi najwi\u0119cej nieporozumie\u0144. WHO nie uzna\u0142a wypalenia za chorob\u0119. Umie\u015bci\u0142a je w rozdziale 24 klasyfikacji, opisuj\u0105cym czynniki wp\u0142ywaj\u0105ce na stan zdrowia, a nie w\u015br\u00f3d jednostek chorobowych. <strong>Syndrom wypalenia<\/strong>&nbsp;dotyczy wy\u0142\u0105cznie kontekstu zawodowego i WHO wyra\u017anie odradza rozci\u0105ganie tego poj\u0119cia na inne obszary \u017cycia, takie jak rodzicielstwo czy relacje.<\/p>\n\n\n\n<h2 class=\"wp-block-heading\">Jakie s\u0105 objawy wypalenia zawodowego?<\/h2>\n\n\n\n<p class=\"wp-block-paragraph\">Objawy wypalenia rozk\u0142adaj\u0105 si\u0119 na trzy poziomy.<\/p>\n\n\n\n<p class=\"wp-block-paragraph\"><strong>Cia\u0142o:<\/strong><\/p>\n\n\n\n<ul class=\"wp-block-list\">\n<li>poranne zm\u0119czenie, kt\u00f3re nie mija po przespanej nocy,<\/li>\n\n\n\n<li>problemy z zasypianiem lub wybudzanie si\u0119 nad ranem z my\u015blami o pracy,<\/li>\n\n\n\n<li>b\u00f3le g\u0142owy, napi\u0119cie karku i bark\u00f3w, dolegliwo\u015bci \u017co\u0142\u0105dkowe,<\/li>\n\n\n\n<li>cz\u0119stsze infekcje i d\u0142u\u017csze dochodzenie do siebie po przezi\u0119bieniu.<\/li>\n<\/ul>\n\n\n\n<p class=\"wp-block-paragraph\"><strong>Emocje:<\/strong><\/p>\n\n\n\n<ul class=\"wp-block-list\">\n<li>dra\u017cliwo\u015b\u0107 i wybuchy z\u0142o\u015bci w sytuacjach, kt\u00f3re kiedy\u015b nie robi\u0142y wra\u017cenia,<\/li>\n\n\n\n<li>poczucie pustki i oboj\u0119tno\u015bci wobec spraw, kt\u00f3re wcze\u015bniej anga\u017cowa\u0142y,<\/li>\n\n\n\n<li>cynizm wobec wsp\u00f3\u0142pracownik\u00f3w, klient\u00f3w lub pacjent\u00f3w,<\/li>\n\n\n\n<li>l\u0119k przed poniedzia\u0142kiem, narastaj\u0105cy ju\u017c w niedzielne popo\u0142udnie.<\/li>\n<\/ul>\n\n\n\n<p class=\"wp-block-paragraph\"><strong>Praca:<\/strong><\/p>\n\n\n\n<ul class=\"wp-block-list\">\n<li>trudno\u015b\u0107 z rozpocz\u0119ciem zadania, kt\u00f3re wcze\u015bniej zajmowa\u0142o p\u00f3\u0142 godziny,<\/li>\n\n\n\n<li>odk\u0142adanie obowi\u0105zk\u00f3w i rozci\u0105ganie ich na ca\u0142e dni,<\/li>\n\n\n\n<li>b\u0142\u0119dy w rutynowych czynno\u015bciach,<\/li>\n\n\n\n<li>unikanie spotka\u0144, telefon\u00f3w i rozm\u00f3w z zespo\u0142em.<\/li>\n<\/ul>\n\n\n\n<p class=\"wp-block-paragraph\">Osobno warto wymieni\u0107 <strong>zm\u0119czenie psychiczne<\/strong>, bo bywa mylone ze zwyk\u0142ym przepracowaniem. R\u00f3\u017cnica jest prosta: po przepracowanym tygodniu regenerujesz si\u0119 przez dwa dni wolnego. Przy wypaleniu wracasz z urlopu i po trzech dniach czujesz si\u0119 dok\u0142adnie tak samo jak przed wyjazdem.<\/p>\n\n\n\n<p class=\"wp-block-paragraph\">Jeden objaw nie wystarczy do rozpoznania. Dr Milena Gojny-Zbierowska, psycholog z Uniwersytetu Ekonomicznego w Katowicach, zwraca uwag\u0119, \u017ce spadek energii czy wydajno\u015bci bywa chwilowy i mo\u017ce wynika\u0107 z przyczyn spoza pracy. O wypaleniu m\u00f3wimy dopiero wtedy, gdy kilka objaw\u00f3w wyst\u0119puje razem i utrzymuje si\u0119 tygodniami.<\/p>\n\n\n\n<h2 class=\"wp-block-heading\">Autotest: czy to ju\u017c wypalenie?<\/h2>\n\n\n\n<p class=\"wp-block-paragraph\">Odpowiedz &#8222;tak&#8221; lub &#8222;nie&#8221; na dwana\u015bcie pyta\u0144. Odno\u015b je do ostatnich trzech miesi\u0119cy, nie do jednego trudnego tygodnia.<\/p>\n\n\n\n<ol class=\"wp-block-list\">\n<li>Budzisz si\u0119 zm\u0119czony, mimo \u017ce spa\u0142e\u015b siedem lub wi\u0119cej godzin.<\/li>\n\n\n\n<li>My\u015bl o poniedzia\u0142ku pojawia si\u0119 ju\u017c w niedziel\u0119 i psuje reszt\u0119 dnia.<\/li>\n\n\n\n<li>Zadania, kt\u00f3re kiedy\u015b sz\u0142y p\u0142ynnie, teraz kosztuj\u0105 ci\u0119 nieproporcjonalnie du\u017co wysi\u0142ku.<\/li>\n\n\n\n<li>Zdarza ci si\u0119 reagowa\u0107 zniecierpliwieniem na osoby, z kt\u00f3rymi wcze\u015bniej dobrze si\u0119 pracowa\u0142o.<\/li>\n\n\n\n<li>Przesta\u0142o ci\u0119 obchodzi\u0107, czy projekt wyjdzie dobrze.<\/li>\n\n\n\n<li>Unikasz kontaktu z zespo\u0142em, prze\u0142o\u017conym lub klientami, cho\u0107 wcze\u015bniej to nie stanowi\u0142o problemu.<\/li>\n\n\n\n<li>Masz wra\u017cenie, \u017ce twoja praca nie ma sensu ani wp\u0142ywu na cokolwiek.<\/li>\n\n\n\n<li>Po urlopie ulga utrzymuje si\u0119 kr\u00f3cej ni\u017c tydzie\u0144.<\/li>\n\n\n\n<li>Cz\u0119\u015bciej ni\u017c zwykle \u0142apiesz infekcje albo skar\u017cysz si\u0119 na b\u00f3le g\u0142owy i napi\u0119cie mi\u0119\u015bni.<\/li>\n\n\n\n<li>Si\u0119gasz po alkohol, s\u0142odycze lub telefon, \u017ceby &#8222;odci\u0105\u0107 si\u0119&#8221; po pracy.<\/li>\n\n\n\n<li>Odk\u0142adasz proste sprawy, a\u017c zmieni\u0105 si\u0119 w problem.<\/li>\n\n\n\n<li>Trudno ci przypomnie\u0107 sobie moment z ostatnich miesi\u0119cy, w kt\u00f3rym poczu\u0142e\u015b satysfakcj\u0119 z tego, co zrobi\u0142e\u015b.<\/li>\n<\/ol>\n\n\n\n<p class=\"wp-block-paragraph\"><strong>Interpretacja.<\/strong>&nbsp;Od 0 do 3 odpowiedzi &#8222;tak&#8221;: obraz mie\u015bci si\u0119 w granicach zwyk\u0142ego przeci\u0105\u017cenia, ale warto obserwowa\u0107, czy liczba nie ro\u015bnie. Od 4 do 7: to obszar ostrzegawczy, w kt\u00f3rym najlepiej dzia\u0142aj\u0105 zmiany w organizacji pracy i regeneracji, wprowadzone od razu. Od 8 wzwy\u017c: obraz odpowiada zaawansowanemu wypaleniu i rozmowa ze specjalist\u0105 przestaje by\u0107 opcj\u0105, a staje si\u0119 nast\u0119pnym krokiem.<\/p>\n\n\n\n<p class=\"wp-block-paragraph\">Autotest nie jest diagnoz\u0105. Pokazuje skal\u0119 problemu i pomaga nazwa\u0107 to, co dzieje si\u0119 od miesi\u0119cy.<\/p>\n\n\n\n<h2 class=\"wp-block-heading\">Sk\u0105d bierze si\u0119 wypalenie zawodowe?<\/h2>\n\n\n\n<p class=\"wp-block-paragraph\">Bezpo\u015bredni\u0105 przyczyn\u0105 jest przewlek\u0142y <strong>stres w pracy<\/strong>, kt\u00f3rego organizm nie zdo\u0142a\u0142 roz\u0142adowa\u0107. Ale sam nadmiar godzin rzadko wystarcza. Ludzie pracuj\u0105 po dwana\u015bcie godzin przy projektach, w kt\u00f3re wierz\u0105, i nie wypalaj\u0105 si\u0119. Wypalaj\u0105 si\u0119 tam, gdzie wysi\u0142ek jest du\u017cy, a wp\u0142yw na cokolwiek \u017caden.<\/p>\n\n\n\n<p class=\"wp-block-paragraph\">Najcz\u0119stsze czynniki, kt\u00f3re prowadz\u0105 do wypalenia:<\/p>\n\n\n\n<ul class=\"wp-block-list\">\n<li><strong>Brak wp\u0142ywu na w\u0142asn\u0105 prac\u0119. <\/strong>Decyzje zapadaj\u0105 nad twoj\u0105 g\u0142ow\u0105, a ty odpowiadasz za skutki.<\/li>\n\n\n\n<li><strong>Rozmyta odpowiedzialno\u015b\u0107. <\/strong>Nie wiadomo, gdzie ko\u0144cz\u0105 si\u0119 twoje obowi\u0105zki, a zaczynaj\u0105 cudze.<\/li>\n\n\n\n<li><strong>Brak informacji zwrotnej. <\/strong>Praca znika w systemie i nikt nigdy nie m\u00f3wi, czy by\u0142a dobra.<\/li>\n\n\n\n<li><strong>Konflikt warto\u015bci. <\/strong>Robisz rzeczy, kt\u00f3re uwa\u017casz za bezsensowne albo nieuczciwe.<\/li>\n\n\n\n<li><strong>Niesprawiedliwo\u015b\u0107. <\/strong>Awanse i premie rozdzielane bez zrozumia\u0142ego klucza demotywuj\u0105 szybciej ni\u017c niska pensja.<\/li>\n\n\n\n<li><strong>Brak granicy mi\u0119dzy prac\u0105 a domem. <\/strong>Telefon s\u0142u\u017cbowy o dwudziestej drugiej, odpowiedzi na maile w weekend.<\/li>\n<\/ul>\n\n\n\n<p class=\"wp-block-paragraph\">Anna Mistewicz, psychoterapeutka i ekspertka Pracodawc\u00f3w RP, ujmuje to jednym zdaniem: symptom\u00f3w wypalenia mo\u017cna wyliczy\u0107 wiele, ale sprawca pozostaje jeden i jest nim chroniczny stres w \u015brodowisku zawodowym.<\/p>\n\n\n\n<p class=\"wp-block-paragraph\">To ma praktyczn\u0105 konsekwencj\u0119. Je\u015bli przyczyna le\u017cy w sposobie organizacji pracy, to \u017cadna suplementacja, medytacja ani karnet na si\u0142owni\u0119 jej nie usun\u0105. Mog\u0105 pom\u00f3c przetrwa\u0107. Nie zast\u0105pi\u0105 rozmowy o zakresie obowi\u0105zk\u00f3w.<\/p>\n\n\n\n<figure class=\"wp-block-image alignfull size-full\"><img loading=\"lazy\" decoding=\"async\" width=\"1000\" height=\"667\" src=\"https:\/\/aptekacentrum.lublin.pl\/blog\/wp-content\/uploads\/2026\/09\/mezczyzna-wypalony-zawodowo.webp\" alt=\"m\u0119\u017cczyzna wypalony zawodowo\" class=\"wp-image-1613\" srcset=\"https:\/\/aptekacentrum.lublin.pl\/blog\/wp-content\/uploads\/2026\/09\/mezczyzna-wypalony-zawodowo.webp 1000w, https:\/\/aptekacentrum.lublin.pl\/blog\/wp-content\/uploads\/2026\/09\/mezczyzna-wypalony-zawodowo-300x200.webp 300w, https:\/\/aptekacentrum.lublin.pl\/blog\/wp-content\/uploads\/2026\/09\/mezczyzna-wypalony-zawodowo-768x512.webp 768w\" sizes=\"auto, (max-width: 1000px) 100vw, 1000px\" \/><\/figure>\n\n\n\n<h2 class=\"wp-block-heading\">Kto jest najbardziej nara\u017cony?<\/h2>\n\n\n\n<p class=\"wp-block-paragraph\">Wypalenie nie wybiera jednej bran\u017cy. Dotyka nauczycieli, lekarzy, piel\u0119gniarek, pracownik\u00f3w call center, programist\u00f3w, kelner\u00f3w i mened\u017cer\u00f3w. Wysokie wynagrodzenie nie chroni.<\/p>\n\n\n\n<p class=\"wp-block-paragraph\">Ryzyko ro\u015bnie u os\u00f3b, kt\u00f3re:<\/p>\n\n\n\n<ul class=\"wp-block-list\">\n<li>pracuj\u0105 w bezpo\u015brednim kontakcie z lud\u017ami w trudnych sytuacjach: w ochronie zdrowia, edukacji, pomocy spo\u0142ecznej, obs\u0142udze klienta,<\/li>\n\n\n\n<li>odpowiadaj\u0105 za wyniki innych, nie maj\u0105c narz\u0119dzi, \u017ceby na te wyniki wp\u0142yn\u0105\u0107,<\/li>\n\n\n\n<li>maj\u0105 wysokie wymagania wobec siebie i trudno\u015b\u0107 z odmawianiem,<\/li>\n\n\n\n<li>pracuj\u0105 zdalnie bez wyra\u017anego rytmu dnia i granicy mi\u0119dzy biurem a mieszkaniem,<\/li>\n\n\n\n<li>wr\u00f3ci\u0142y do pracy po d\u0142u\u017cszej przerwie, na przyk\u0142ad po urlopie rodzicielskim, do zmienionej organizacji.<\/li>\n<\/ul>\n\n\n\n<p class=\"wp-block-paragraph\">Wykszta\u0142cenie te\u017c r\u00f3\u017cnicuje wyniki. W badaniu Panelu Ariadna z wrze\u015bnia 2025 roku wypalenie cz\u0119\u015bciej zg\u0142asza\u0142y osoby z wykszta\u0142ceniem wy\u017cszym (68%), podczas gdy w grupie z wykszta\u0142ceniem podstawowym 45% respondent\u00f3w deklarowa\u0142o, \u017ce nigdy go nie do\u015bwiadczy\u0142o.<\/p>\n\n\n\n<p class=\"wp-block-paragraph\">Warto te\u017c spojrze\u0107 na czas trwania. W\u015br\u00f3d os\u00f3b, kt\u00f3re do\u015bwiadczy\u0142y wypalenia, u 36% stan utrzymywa\u0142 si\u0119 d\u0142u\u017cej ni\u017c p\u00f3\u0142 roku, a u kolejnych 31% od miesi\u0105ca do sze\u015bciu miesi\u0119cy. To nie jest gorszy tydzie\u0144, tylko problem rozci\u0105gni\u0119ty na kwarta\u0142y.<\/p>\n\n\n\n<h2 class=\"wp-block-heading\">Czym wypalenie r\u00f3\u017cni si\u0119 od depresji?<\/h2>\n\n\n\n<p class=\"wp-block-paragraph\">Najprostsze kryterium to zasi\u0119g. Wypalenie zawodowe koncentruje si\u0119 wok\u00f3\u0142 pracy: to tam znika energia, tam pojawia si\u0119 cynizm, tam spada poczucie sensu. Poza prac\u0105 cz\u0142owiek nadal potrafi cieszy\u0107 si\u0119 spotkaniem ze znajomymi czy weekendowym wyjazdem. Depresja obejmuje ca\u0142e \u017cycie, niezale\u017cnie od tego, czy kto\u015b pracuje, studiuje, wychowuje dzieci czy jest na emeryturze.<\/p>\n\n\n\n<p class=\"wp-block-paragraph\">Sygna\u0142y, kt\u00f3re przemawiaj\u0105 za depresj\u0105, a nie za wypaleniem:<\/p>\n\n\n\n<ul class=\"wp-block-list\">\n<li>obni\u017cony nastr\u00f3j utrzymuj\u0105cy si\u0119 codziennie przez wi\u0119kszo\u015b\u0107 dnia, przez ponad dwa tygodnie,<\/li>\n\n\n\n<li>utrata zainteresowania rzeczami, kt\u00f3re wcze\u015bniej sprawia\u0142y przyjemno\u015b\u0107, tak\u017ce poza prac\u0105,<\/li>\n\n\n\n<li>poczucie winy, bezwarto\u015bciowo\u015bci, my\u015bli rezygnacyjne,<\/li>\n\n\n\n<li>wyra\u017ana zmiana apetytu i masy cia\u0142a,<\/li>\n\n\n\n<li>spowolnienie lub pobudzenie zauwa\u017calne dla otoczenia.<\/li>\n<\/ul>\n\n\n\n<p class=\"wp-block-paragraph\">Te dwa stany cz\u0119sto wsp\u00f3\u0142wyst\u0119puj\u0105 i d\u0142ugo utrzymuj\u0105ce si\u0119 wypalenie zwi\u0119ksza ryzyko depresji. Rozr\u00f3\u017cnienie ma znaczenie praktyczne, bo prowadzi do innego post\u0119powania. Przy wypaleniu skuteczniejszy bywa trening radzenia sobie ze stresem i zmiana warunk\u00f3w pracy. Przy depresji potrzebne jest leczenie prowadzone przez lekarza lub psychoterapeut\u0119.<\/p>\n\n\n\n<p class=\"wp-block-paragraph\">Je\u015bli nie masz pewno\u015bci, po kt\u00f3rej stronie jeste\u015b, nie rozstrzygaj tego samodzielnie. Um\u00f3w konsultacj\u0119. To jedna wizyta, kt\u00f3ra oszcz\u0119dza miesi\u0105ce b\u0142\u0105dzenia.<\/p>\n\n\n\n<h2 class=\"wp-block-heading\">Jak radzi\u0107 sobie z wypaleniem zawodowym?<\/h2>\n\n\n\n<p class=\"wp-block-paragraph\">Pytanie, <strong>jak radzi\u0107 sobie z wypaleniem<\/strong>, ma sensown\u0105 odpowied\u017a tylko wtedy, gdy roz\u0142o\u017cy si\u0119 je na etapy. Poni\u017cszy plan obejmuje dwana\u015bcie tygodni i zaczyna si\u0119 od rzeczy najprostszych, bo przy wyczerpaniu nikt nie przeprowadzi rewolucji w tydzie\u0144.<\/p>\n\n\n\n<h3 class=\"wp-block-heading\">Tydzie\u0144 1-2: zatrzymanie<\/h3>\n\n\n\n<ul class=\"wp-block-list\">\n<li>Zapisuj przez siedem dni, co konkretnie zabiera ci energi\u0119, a co j\u0105 zwraca. Nie z pami\u0119ci, tylko na bie\u017c\u0105co.<\/li>\n\n\n\n<li>Wyznacz godzin\u0119, po kt\u00f3rej nie odbierasz s\u0142u\u017cbowych wiadomo\u015bci. Jedn\u0105, sta\u0142\u0105, tak\u017ce w pi\u0105tek.<\/li>\n\n\n\n<li>Odbuduj sen zanim zajmiesz si\u0119 czymkolwiek innym. Sta\u0142a pora wstawania dzia\u0142a lepiej ni\u017c sta\u0142a pora zasypiania.<\/li>\n\n\n\n<li>Odstaw jedn\u0105 rzecz, kt\u00f3r\u0105 robisz &#8222;bo wypada&#8221;, i sprawd\u017a, czy \u015bwiat si\u0119 zawali\u0142.<\/li>\n<\/ul>\n\n\n\n<h3 class=\"wp-block-heading\">Tydzie\u0144 3-6: rozmowa i granice<\/h3>\n\n\n\n<ul class=\"wp-block-list\">\n<li>Um\u00f3w rozmow\u0119 z prze\u0142o\u017conym o zakresie obowi\u0105zk\u00f3w. Przyjd\u017a z list\u0105 zada\u0144 i pytaniem, kt\u00f3re z nich s\u0105 priorytetem, a nie z og\u00f3lnym &#8222;mam za du\u017co pracy&#8221;.<\/li>\n\n\n\n<li>Naucz si\u0119 jednego zdania odmowy i u\u017cywaj go. &#8222;Wezm\u0119 to, je\u015bli zdejmiemy ze mnie X.&#8221;<\/li>\n\n\n\n<li>Wprowad\u017a kr\u00f3tkie przerwy w ci\u0105gu dnia. Pi\u0119tna\u015bcie minut bez ekranu dzia\u0142a lepiej ni\u017c godzinna przerwa po o\u015bmiu godzinach pracy.<\/li>\n\n\n\n<li>Dodaj ruch, ale bez ambicji wyczynowych. Trzy spacery po trzydzie\u015bci minut w tygodniu to poziom, kt\u00f3ry da si\u0119 utrzyma\u0107.<\/li>\n<\/ul>\n\n\n\n<h3 class=\"wp-block-heading\">Tydzie\u0144 7-12: odbudowa<\/h3>\n\n\n\n<ul class=\"wp-block-list\">\n<li>Zdecyduj, czy sytuacj\u0119 da si\u0119 zmieni\u0107 w obecnym miejscu pracy. Je\u015bli po dw\u00f3ch miesi\u0105cach nic si\u0119 nie ruszy\u0142o, to jest odpowied\u017a.<\/li>\n\n\n\n<li>Rozwa\u017c konsultacj\u0119 psychologiczn\u0105, nawet je\u015bli czujesz popraw\u0119. Terapia poznawczo-behawioralna daje najlepiej udokumentowane efekty przy wypaleniu.<\/li>\n\n\n\n<li>Wr\u00f3\u0107 do jednej aktywno\u015bci sprzed wypalenia, kt\u00f3r\u0105 porzuci\u0142e\u015b. Nie do wszystkich naraz.<\/li>\n\n\n\n<li>Zaplanuj co\u015b na kolejny kwarta\u0142. Odzyskanie perspektywy przysz\u0142o\u015bci jest jednym z pierwszych sygna\u0142\u00f3w, \u017ce wychodzisz na prost\u0105.<\/li>\n<\/ul>\n\n\n\n<h2 class=\"wp-block-heading\">Dlaczego urlop nie leczy wypalenia?<\/h2>\n\n\n\n<p class=\"wp-block-paragraph\">Urlop obni\u017ca napi\u0119cie, ale nie zmienia warunk\u00f3w, kt\u00f3re je wytworzy\u0142y. Wracasz do tego samego zakresu obowi\u0105zk\u00f3w, tej samej liczby spotka\u0144 i tego samego braku wp\u0142ywu na decyzje. Ulga utrzymuje si\u0119 kilka dni, czasem tydzie\u0144, po czym poziom wyczerpania wraca do punktu wyj\u015bcia.<\/p>\n\n\n\n<p class=\"wp-block-paragraph\">Dwa tygodnie wolnego pomagaj\u0105 na pocz\u0105tkowym etapie, gdy objaw\u00f3w jest niewiele i maj\u0105 charakter zwyk\u0142ego przeci\u0105\u017cenia. Przy zaawansowanym wypaleniu urlop pe\u0142ni inn\u0105 funkcj\u0119: daje przestrze\u0144 na decyzj\u0119 o zmianie, a nie leczy sam w sobie. To wa\u017cna r\u00f3\u017cnica, bo wiele os\u00f3b traktuje wyjazd jako terapi\u0119, a potem obwinia si\u0119, \u017ce &#8222;nawet urlop nie pom\u00f3g\u0142&#8221;.<\/p>\n\n\n\n<h2 class=\"wp-block-heading\">Co daje najlepsze efekty w leczeniu?<\/h2>\n\n\n\n<p class=\"wp-block-paragraph\">Najlepiej udokumentowane efekty przy wypaleniu zawodowym maj\u0105 dwa podej\u015bcia: terapia poznawczo-behawioralna oraz treningi uwa\u017cno\u015bci. Pierwsza pracuje nad przekonaniami, kt\u00f3re podtrzymuj\u0105 przeci\u0105\u017cenie, takimi jak przymus bycia zawsze dost\u0119pnym czy niezdolno\u015b\u0107 do odmawiania. Druga uczy zauwa\u017ca\u0107 narastaj\u0105ce napi\u0119cie wcze\u015bniej, zanim sko\u0144czy si\u0119 wyczerpaniem.<\/p>\n\n\n\n<p class=\"wp-block-paragraph\">Skuteczno\u015b\u0107 ro\u015bnie, gdy interwencje po stronie pracownika id\u0105 w parze ze zmianami po stronie organizacji: realnym ograniczeniem obci\u0105\u017cenia, jasnym podzia\u0142em odpowiedzialno\u015bci i informacj\u0105 zwrotn\u0105. Programy prowadzone wy\u0142\u0105cznie na poziomie jednostki, czyli warsztaty z zarz\u0105dzania stresem bez zmiany warunk\u00f3w pracy, daj\u0105 s\u0142absze i kr\u00f3tsze efekty.<\/p>\n\n\n\n<p class=\"wp-block-paragraph\">Regeneracja podstawowa jest fundamentem, na kt\u00f3rym opiera si\u0119 reszta. Chodzi o sen, ruch i przerwy w ci\u0105gu dnia. Je\u015bli chcesz uporz\u0105dkowa\u0107 kwesti\u0119 wypoczynku, sprawd\u017a, jak wygl\u0105da struktura nocy i dlaczego liczy si\u0119 nie tylko liczba godzin:&nbsp;<a href=\"https:\/\/aptekacentrum.lublin.pl\/blog\/fazy-snu-i-ich-wplyw-na-efektywnosc-wypoczynku\/\"><u>fazy snu i ich wp\u0142yw na efektywno\u015b\u0107 wypoczynku<\/u><\/a>.<\/p>\n\n\n\n<p class=\"wp-block-paragraph\">Osobom, kt\u00f3re chc\u0105 nauczy\u0107 si\u0119 rozpoznawa\u0107 w\u0142asne reakcje na stres, pomaga te\u017c trening z zapisem parametr\u00f3w fizjologicznych. Opisali\u015bmy go szerzej we wpisie o tym,&nbsp;<a href=\"https:\/\/aptekacentrum.lublin.pl\/blog\/co-to-jest-biofeedback-i-jak-dziala\/\"><u>czym jest biofeedback i jak dzia\u0142a<\/u><\/a>.<\/p>\n\n\n\n<figure class=\"wp-block-image alignfull size-full\"><img loading=\"lazy\" decoding=\"async\" width=\"1000\" height=\"667\" src=\"https:\/\/aptekacentrum.lublin.pl\/blog\/wp-content\/uploads\/2026\/09\/bezsennosc-w-wypaleniu-zawodowym.webp\" alt=\"bezsenno\u015b\u0107 w wypaleniu zawodowym\" class=\"wp-image-1614\" srcset=\"https:\/\/aptekacentrum.lublin.pl\/blog\/wp-content\/uploads\/2026\/09\/bezsennosc-w-wypaleniu-zawodowym.webp 1000w, https:\/\/aptekacentrum.lublin.pl\/blog\/wp-content\/uploads\/2026\/09\/bezsennosc-w-wypaleniu-zawodowym-300x200.webp 300w, https:\/\/aptekacentrum.lublin.pl\/blog\/wp-content\/uploads\/2026\/09\/bezsennosc-w-wypaleniu-zawodowym-768x512.webp 768w\" sizes=\"auto, (max-width: 1000px) 100vw, 1000px\" \/><\/figure>\n\n\n\n<h2 class=\"wp-block-heading\">Co mo\u017ce wesprze\u0107 organizm przy wypaleniu?<\/h2>\n\n\n\n<p class=\"wp-block-paragraph\">Zacznijmy od rzeczy, kt\u00f3rej nie da si\u0119 obej\u015b\u0107: \u017caden preparat nie wyleczy wypalenia zawodowego. Przyczyna le\u017cy w organizacji pracy, a nie w niedoborze pojedynczego sk\u0142adnika, wi\u0119c suplement nie zast\u0105pi rozmowy o zakresie obowi\u0105zk\u00f3w. Przewlek\u0142y stres realnie obci\u0105\u017ca jednak organizm: zwi\u0119ksza wydalanie magnezu z moczem, zaburza sen i pogarsza od\u017cywienie, bo pierwsz\u0105 ofiar\u0105 przeci\u0105\u017cenia zwykle bywaj\u0105 posi\u0142ki. W tych obszarach wsparcie z apteki ma sens.<\/p>\n\n\n\n<p class=\"wp-block-paragraph\">Sk\u0142adniki, o kt\u00f3re warto zapyta\u0107 farmaceut\u0119:<\/p>\n\n\n\n<ul class=\"wp-block-list\">\n<li><strong>Magnez z witamin\u0105 B6. <\/strong>Uczestniczy w przewodnictwie nerwowym i pracy mi\u0119\u015bni. \u00a0Znaczenie ma forma: sole organiczne, takie jak cytrynian czy <a href=\"https:\/\/aptekacentrum.lublin.pl\/blog\/glicynian-magnezu-ktory-preparat-wybrac-i-na-co-pomaga\/\"><u>glicynian<\/u><\/a>, przyswajaj\u0105 si\u0119 lepiej ni\u017c tlenek.<\/li>\n\n\n\n<li><strong>Witaminy z grupy B. <\/strong>B6, B9 i B12 bior\u0105 udzia\u0142 w pracy uk\u0142adu nerwowego i wytwarzaniu neuroprzeka\u017anik\u00f3w. Metaanalizy bada\u0144 nad suplementacj\u0105 witamin z grupy B wskazuj\u0105 na zmniejszenie odczuwanego stresu u os\u00f3b zdrowych, cho\u0107 efekt jest umiarkowany.<\/li>\n\n\n\n<li><a href=\"https:\/\/aptekacentrum.lublin.pl\/blog\/dlaczego-warto-zadbac-o-prawidlowy-poziom-witaminy-d\/\"><strong><u>Witamina D<\/u><\/strong><\/a><strong>. <\/strong>W polskich warunkach jej niedob\u00f3r dotyczy wi\u0119kszo\u015bci doros\u0142ych od jesieni do wiosny, a objawia si\u0119 mi\u0119dzy innymi zm\u0119czeniem i obni\u017conym nastrojem. To jeden z niewielu sk\u0142adnik\u00f3w, kt\u00f3rych poziom naprawd\u0119 warto oznaczy\u0107 z krwi, zamiast zgadywa\u0107.<\/li>\n\n\n\n<li><strong>Kwasy omega-3. <\/strong>Wspieraj\u0105 prac\u0119 m\u00f3zgu i maj\u0105 udokumentowane dzia\u0142anie przeciwzapalne. Sensowna opcja przy diecie ubogiej w ryby morskie.<\/li>\n\n\n\n<li><strong>Adaptogeny, czyli ashwagandha i r\u00f3\u017ceniec g\u00f3rski. <\/strong>Najlepiej przebadana grupa ro\u015blinna w kontek\u015bcie stresu. W badaniach klinicznych ashwagandha obni\u017ca\u0142a st\u0119\u017cenie kortyzolu i odczuwany poziom stresu, a r\u00f3\u017ceniec g\u00f3rski bywa oceniany pod k\u0105tem zm\u0119czenia psychicznego i koncentracji. To jednocze\u015bnie grupa wymagaj\u0105ca najwi\u0119kszej ostro\u017cno\u015bci, o czym ni\u017cej.<\/li>\n\n\n\n<li><strong>Melatonina. <\/strong>Pomaga przy rozregulowanym rytmie dobowym, na przyk\u0142ad po pracy zmianowej. Skraca czas zasypiania, ale nie jest lekiem nasennym do sta\u0142ego stosowania i nie rozwi\u0105zuje problemu bezsenno\u015bci wywo\u0142anej stresem.<\/li>\n<\/ul>\n\n\n\n<p class=\"wp-block-paragraph\">Adaptogeny wymagaj\u0105 osobnego akapitu, bo s\u0105 sprzedawane jak niewinne zio\u0142a, a nimi nie s\u0105. Ashwagandhy nie powinny stosowa\u0107 kobiety w ci\u0105\u017cy i karmi\u0105ce, osoby z chorobami tarczycy oraz chorobami autoimmunologicznymi. Ro\u015blina wchodzi w interakcje z lekami uspokajaj\u0105cymi, przeciwdepresyjnymi i preparatami hormon\u00f3w tarczycy, a europejskie organy nadzoru odnotowa\u0142y pojedyncze zg\u0142oszenia uszkodzenia w\u0105troby po jej przyjmowaniu. Je\u015bli bierzesz jakiekolwiek leki na sta\u0142e, zapytaj farmaceut\u0119 albo lekarza, zanim si\u0119gniesz po adaptogen.<\/p>\n\n\n\n<p class=\"wp-block-paragraph\">Trzy zasady, kt\u00f3re chroni\u0105 przed wyrzucaniem pieni\u0119dzy:<\/p>\n\n\n\n<ol class=\"wp-block-list\">\n<li>Zamiast dobiera\u0107 preparat po objawach, zr\u00f3b badania. Morfologia, ferrytyna, TSH i witamina D wyja\u015bniaj\u0105 wi\u0119kszo\u015b\u0107 przypadk\u00f3w przewlek\u0142ego zm\u0119czenia, a niedokrwisto\u015b\u0107 czy niedoczynno\u015b\u0107 tarczycy daj\u0105 objawy \u0142udz\u0105co podobne do wypalenia.<\/li>\n\n\n\n<li>Nie \u0142\u0105cz kilku preparat\u00f3w naraz. Przy pi\u0119ciu suplementach dziennie nie wiadomo, co pomaga, a ryzyko interakcji ro\u015bnie.<\/li>\n\n\n\n<li>Powiedz farmaceucie o wszystkich lekach, kt\u00f3re przyjmujesz. Interakcje z antykoncepcj\u0105 hormonaln\u0105, lekami na nadci\u015bnienie czy przeciwdepresyjnymi s\u0105 cz\u0119stsze, ni\u017c si\u0119 wydaje.<\/li>\n<\/ol>\n\n\n\n<p class=\"wp-block-paragraph\">Osobna uwaga o tym, czego lepiej unika\u0107. Napoje energetyczne i wysokie dawki kofeiny maskuj\u0105 zm\u0119czenie, zamiast je usuwa\u0107, a wieczorem rozbijaj\u0105 sen, przez co nast\u0119pnego dnia potrzeba ich jeszcze wi\u0119cej. Alkohol jako spos\u00f3b na za\u015bni\u0119cie dzia\u0142a podobnie: skraca zasypianie i psuje drug\u0105 po\u0142ow\u0119 nocy. Obie strategie pog\u0142\u0119biaj\u0105 wyczerpanie, od kt\u00f3rego mia\u0142y uwolni\u0107.<\/p>\n\n\n\n<h2 class=\"wp-block-heading\">Kiedy zg\u0142osi\u0107 si\u0119 do specjalisty?<\/h2>\n\n\n\n<p class=\"wp-block-paragraph\">Um\u00f3w wizyt\u0119 u psychologa, psychoterapeuty lub lekarza, gdy:<\/p>\n\n\n\n<ul class=\"wp-block-list\">\n<li>objawy utrzymuj\u0105 si\u0119 d\u0142u\u017cej ni\u017c trzy miesi\u0105ce mimo wprowadzonych zmian,<\/li>\n\n\n\n<li>zaburzenia snu trwaj\u0105 tygodniami i nie ust\u0119puj\u0105 po odstawieniu ekran\u00f3w i kofeiny,<\/li>\n\n\n\n<li>pojawia si\u0119 obni\u017cony nastr\u00f3j tak\u017ce poza prac\u0105, w weekendy i na urlopie,<\/li>\n\n\n\n<li>si\u0119gasz po alkohol lub leki nasenne, \u017ceby funkcjonowa\u0107,<\/li>\n\n\n\n<li>zaczynasz mie\u0107 my\u015bli o tym, \u017ce nie warto, albo \u017ce bez ciebie by\u0142oby lepiej.<\/li>\n<\/ul>\n\n\n\n<p class=\"wp-block-paragraph\">Ostatni punkt nie podlega negocjacji ani odk\u0142adaniu na p\u00f3\u017aniej. To sygna\u0142, przy kt\u00f3rym kontakt ze specjalist\u0105 powinien nast\u0105pi\u0107 od razu. Bezp\u0142atne wsparcie kryzysowe dzia\u0142a ca\u0142odobowo pod numerem 800 70 2222.<\/p>\n\n\n\n<h2 class=\"wp-block-heading\">Czy na wypalenie zawodowe przys\u0142uguje L4?<\/h2>\n\n\n\n<p class=\"wp-block-paragraph\">Samo wypalenie zawodowe nie jest podstaw\u0105 do wystawienia zwolnienia lekarskiego. W klasyfikacji ICD-11 znalaz\u0142o si\u0119 w rozdziale opisuj\u0105cym czynniki wp\u0142ywaj\u0105ce na stan zdrowia, a nie w\u015br\u00f3d jednostek chorobowych, a zwolnienie wystawia si\u0119 na konkretne rozpoznanie.<\/p>\n\n\n\n<p class=\"wp-block-paragraph\">W praktyce lekarz mo\u017ce wystawi\u0107 L4, je\u015bli stwierdzi zaburzenie, kt\u00f3re rozwin\u0119\u0142o si\u0119 na pod\u0142o\u017cu przewlek\u0142ego stresu: epizod depresyjny, zaburzenia adaptacyjne albo zaburzenia l\u0119kowe. Decyduje ocena kliniczna podczas wizyty, nie deklaracja pacjenta o wypaleniu. Zwolnienie mo\u017ce wystawi\u0107 psychiatra, ale te\u017c lekarz rodzinny.<\/p>\n\n\n\n<h2 class=\"wp-block-heading\">FAQ<\/h2>\n\n\n\n<div id=\"wp-block-themeisle-blocks-accordion-022ae8ca\" class=\"wp-block-themeisle-blocks-accordion\">\n<details class=\"wp-block-themeisle-blocks-accordion-item\"><summary class=\"wp-block-themeisle-blocks-accordion-item__title\"><div><strong>Ile trwa wypalenie zawodowe?<\/strong><\/div><\/summary><div class=\"wp-block-themeisle-blocks-accordion-item__content\">\n<p class=\"wp-block-paragraph\">Bez zmiany warunk\u00f3w pracy stan mo\u017ce utrzymywa\u0107 si\u0119 latami, stopniowo si\u0119 pog\u0142\u0119biaj\u0105c. Przy wprowadzonych zmianach i wsparciu specjalisty pierwsz\u0105 popraw\u0119 wida\u0107 zwykle po kilku tygodniach, a powr\u00f3t do pe\u0142nej formy zajmuje od trzech do dwunastu miesi\u0119cy. Czas zale\u017cy od tego, jak d\u0142ugo trwa\u0142o przeci\u0105\u017cenie.<\/p>\n<\/div><\/details>\n\n\n\n<details class=\"wp-block-themeisle-blocks-accordion-item\"><summary class=\"wp-block-themeisle-blocks-accordion-item__title\"><div><strong><strong>Czy wypalenie zawodowe mija samo?<\/strong><\/strong><\/div><\/summary><div class=\"wp-block-themeisle-blocks-accordion-item__content\">\n<p class=\"wp-block-paragraph\">Rzadko. Skoro przyczyn\u0105 jest przewlek\u0142y stres zwi\u0105zany z organizacj\u0105 pracy, to bez zmiany po kt\u00f3rej\u015b ze stron problem wraca. Sam up\u0142yw czasu nie wystarcza, a im d\u0142u\u017cej trwa wypalenie, tym d\u0142u\u017csza jest regeneracja.<\/p>\n<\/div><\/details>\n\n\n\n<details class=\"wp-block-themeisle-blocks-accordion-item\"><summary class=\"wp-block-themeisle-blocks-accordion-item__title\"><div><strong><strong>Czy trzeba zmieni\u0107 prac\u0119?<\/strong><\/strong><\/div><\/summary><div class=\"wp-block-themeisle-blocks-accordion-item__content\">\n<p class=\"wp-block-paragraph\">Nie zawsze. Wielu osobom wystarcza zmiana zakresu obowi\u0105zk\u00f3w, przej\u015bcie do innego zespo\u0142u albo ustalenie granic dost\u0119pno\u015bci. Zmiana pracy staje si\u0119 rozs\u0105dnym rozwi\u0105zaniem wtedy, gdy przyczyny le\u017c\u0105 po stronie kultury organizacji i po kilku miesi\u0105cach rozm\u00f3w nic si\u0119 nie zmienia.<\/p>\n<\/div><\/details>\n\n\n\n<details class=\"wp-block-themeisle-blocks-accordion-item\"><summary class=\"wp-block-themeisle-blocks-accordion-item__title\"><div><strong><strong><strong>Czy suplementy pomagaj\u0105 na wypalenie zawodowe?<\/strong><\/strong><\/strong><\/div><\/summary><div class=\"wp-block-themeisle-blocks-accordion-item__content\">\n<p class=\"wp-block-paragraph\">Nie lecz\u0105 wypalenia, bo jego przyczyna le\u017cy w warunkach pracy, a nie w niedoborze pojedynczego sk\u0142adnika. Mog\u0105 natomiast wesprze\u0107 organizm obci\u0105\u017cony przewlek\u0142ym stresem, zw\u0142aszcza gdy badania wyka\u017c\u0105 realny niedob\u00f3r. Najcz\u0119\u015bciej mowa o magnezie z witamin\u0105 B6, witaminach z grupy B i witaminie D, a przy zaburzonym rytmie snu o melatoninie. Adaptogeny wymagaj\u0105 wcze\u015bniejszej konsultacji, bo maj\u0105 przeciwwskazania i wchodz\u0105 w interakcje z lekami.<\/p>\n<\/div><\/details>\n\n\n\n<details class=\"wp-block-themeisle-blocks-accordion-item\"><summary class=\"wp-block-themeisle-blocks-accordion-item__title\"><div><strong><strong><strong>Jak rozmawia\u0107 z pracodawc\u0105 o wypaleniu?<\/strong><\/strong><\/strong><\/div><\/summary><div class=\"wp-block-themeisle-blocks-accordion-item__content\">\n<p class=\"wp-block-paragraph\">Skuteczniej m\u00f3wi\u0107 o zadaniach ni\u017c o samopoczuciu. Przygotuj list\u0119 obowi\u0105zk\u00f3w, wska\u017c, kt\u00f3re zajmuj\u0105 najwi\u0119cej czasu, i popro\u015b o ustalenie priorytet\u00f3w albo przekazanie cz\u0119\u015bci zada\u0144. Rozmowa o konkretach daje wynik, rozmowa o zm\u0119czeniu zwykle ko\u0144czy si\u0119 rad\u0105, \u017ceby wzi\u0105\u0107 urlop.<\/p>\n<\/div><\/details>\n\n\n\n<details class=\"wp-block-themeisle-blocks-accordion-item\"><summary class=\"wp-block-themeisle-blocks-accordion-item__title\"><div><strong><strong><strong><strong>Czy wypalenie zawodowe dotyczy tylko pracy?<\/strong><\/strong><\/strong><\/strong><\/div><\/summary><div class=\"wp-block-themeisle-blocks-accordion-item__content\">\n<p class=\"wp-block-paragraph\">W definicji WHO tak. Organizacja wyra\u017anie zastrzega, \u017ce poj\u0119cia nie nale\u017cy przenosi\u0107 na inne obszary \u017cycia. Przeci\u0105\u017cenie rol\u0105 rodzica czy opiekuna to realne zjawisko, ale opisuje si\u0119 je inaczej i wymaga innego post\u0119powania.<\/p>\n<\/div><\/details>\n<\/div>\n","protected":false},"excerpt":{"rendered":"<p>Wypalenie zawodowe to skutek przewlek\u0142ego stresu w pracy, z kt\u00f3rym organizm przesta\u0142 sobie radzi\u0107. WHO opisuje je trzema objawami: wyczerpaniem<\/p>\n","protected":false},"author":1,"featured_media":1612,"comment_status":"closed","ping_status":"closed","sticky":false,"template":"","format":"standard","meta":{"_themeisle_gutenberg_block_has_review":false,"footnotes":""},"categories":[1,10,13],"tags":[],"class_list":["post-1611","post","type-post","status-publish","format-standard","has-post-thumbnail","hentry","category-blog","category-emocje","category-zdrowie"],"acf":[],"yoast_head":"<!-- This site is optimized with the Yoast SEO plugin v19.8 - https:\/\/yoast.com\/wordpress\/plugins\/seo\/ -->\n<title>Wypalenie zawodowe - objawy, przyczyny i jak sobie radzi\u0107 - Blog o zdrowiu<\/title>\n<meta name=\"description\" content=\"Blog apteki internetowej aptekacentrum.lublin.pl - znajdziesz tu artyku\u0142y dotycz\u0105ce zdrowia, diety, sportu. Jeste\u015bmy pewni, \u017ce mi\u0142o sp\u0119dzisz czas, a dzi\u0119ki kompleksowemu podej\u015bciu do tematu zyskasz wiedz\u0119 potrzebn\u0105, aby cieszy\u0107 si\u0119 dobrym samopoczuciem i zdrowiem.\" \/>\n<meta name=\"robots\" content=\"index, follow, max-snippet:-1, max-image-preview:large, max-video-preview:-1\" \/>\n<link rel=\"canonical\" href=\"https:\/\/aptekacentrum.lublin.pl\/blog\/wypalenie-zawodowe-objawy-przyczyny-i-jak-sobie-radzic\/\" \/>\n<meta property=\"og:locale\" content=\"pl_PL\" \/>\n<meta property=\"og:type\" content=\"article\" \/>\n<meta property=\"og:title\" content=\"Wypalenie zawodowe - objawy, przyczyny i jak sobie radzi\u0107 - Blog o zdrowiu\" \/>\n<meta property=\"og:description\" content=\"Blog apteki internetowej aptekacentrum.lublin.pl - znajdziesz tu artyku\u0142y dotycz\u0105ce zdrowia, diety, sportu. Jeste\u015bmy pewni, \u017ce mi\u0142o sp\u0119dzisz czas, a dzi\u0119ki kompleksowemu podej\u015bciu do tematu zyskasz wiedz\u0119 potrzebn\u0105, aby cieszy\u0107 si\u0119 dobrym samopoczuciem i zdrowiem.\" \/>\n<meta property=\"og:url\" content=\"https:\/\/aptekacentrum.lublin.pl\/blog\/wypalenie-zawodowe-objawy-przyczyny-i-jak-sobie-radzic\/\" \/>\n<meta property=\"og:site_name\" content=\"Blog o zdrowiu\" \/>\n<meta property=\"article:published_time\" content=\"2026-08-20T12:23:24+00:00\" \/>\n<meta property=\"article:modified_time\" content=\"2026-09-04T08:03:53+00:00\" \/>\n<meta property=\"og:image\" content=\"https:\/\/aptekacentrum.lublin.pl\/blog\/wp-content\/uploads\/2026\/09\/wypalenie-zawodowe.webp\" \/>\n\t<meta property=\"og:image:width\" content=\"1000\" \/>\n\t<meta property=\"og:image:height\" content=\"667\" \/>\n\t<meta property=\"og:image:type\" content=\"image\/webp\" \/>\n<meta name=\"author\" content=\"Karolina Winiarska\" \/>\n<meta name=\"twitter:card\" content=\"summary_large_image\" \/>\n<meta name=\"twitter:label1\" content=\"Napisane przez\" \/>\n\t<meta name=\"twitter:data1\" content=\"Karolina Winiarska\" \/>\n\t<meta name=\"twitter:label2\" content=\"Szacowany czas czytania\" \/>\n\t<meta name=\"twitter:data2\" content=\"17 minut\" \/>\n<script type=\"application\/ld+json\" class=\"yoast-schema-graph\">{\"@context\":\"https:\/\/schema.org\",\"@graph\":[{\"@type\":\"Article\",\"@id\":\"https:\/\/aptekacentrum.lublin.pl\/blog\/wypalenie-zawodowe-objawy-przyczyny-i-jak-sobie-radzic\/#article\",\"isPartOf\":{\"@id\":\"https:\/\/aptekacentrum.lublin.pl\/blog\/wypalenie-zawodowe-objawy-przyczyny-i-jak-sobie-radzic\/\"},\"author\":{\"name\":\"Karolina Winiarska\",\"@id\":\"https:\/\/aptekacentrum.lublin.pl\/blog\/#\/schema\/person\/a26e57ad0adb32ddc75dc4fdb0e86865\"},\"headline\":\"Wypalenie zawodowe &#8211; objawy, przyczyny i jak sobie radzi\u0107\",\"datePublished\":\"2026-08-20T12:23:24+00:00\",\"dateModified\":\"2026-09-04T08:03:53+00:00\",\"mainEntityOfPage\":{\"@id\":\"https:\/\/aptekacentrum.lublin.pl\/blog\/wypalenie-zawodowe-objawy-przyczyny-i-jak-sobie-radzic\/\"},\"wordCount\":3204,\"publisher\":{\"@id\":\"https:\/\/aptekacentrum.lublin.pl\/blog\/#organization\"},\"articleSection\":[\"Blog\",\"Emocje\",\"Zdrowie\"],\"inLanguage\":\"pl-PL\"},{\"@type\":\"WebPage\",\"@id\":\"https:\/\/aptekacentrum.lublin.pl\/blog\/wypalenie-zawodowe-objawy-przyczyny-i-jak-sobie-radzic\/\",\"url\":\"https:\/\/aptekacentrum.lublin.pl\/blog\/wypalenie-zawodowe-objawy-przyczyny-i-jak-sobie-radzic\/\",\"name\":\"Wypalenie zawodowe - objawy, przyczyny i jak sobie radzi\u0107 - Blog o zdrowiu\",\"isPartOf\":{\"@id\":\"https:\/\/aptekacentrum.lublin.pl\/blog\/#website\"},\"datePublished\":\"2026-08-20T12:23:24+00:00\",\"dateModified\":\"2026-09-04T08:03:53+00:00\",\"description\":\"Blog apteki internetowej aptekacentrum.lublin.pl - znajdziesz tu artyku\u0142y dotycz\u0105ce zdrowia, diety, sportu. Jeste\u015bmy pewni, \u017ce mi\u0142o sp\u0119dzisz czas, a dzi\u0119ki kompleksowemu podej\u015bciu do tematu zyskasz wiedz\u0119 potrzebn\u0105, aby cieszy\u0107 si\u0119 dobrym samopoczuciem i zdrowiem.\",\"breadcrumb\":{\"@id\":\"https:\/\/aptekacentrum.lublin.pl\/blog\/wypalenie-zawodowe-objawy-przyczyny-i-jak-sobie-radzic\/#breadcrumb\"},\"inLanguage\":\"pl-PL\",\"potentialAction\":[{\"@type\":\"ReadAction\",\"target\":[\"https:\/\/aptekacentrum.lublin.pl\/blog\/wypalenie-zawodowe-objawy-przyczyny-i-jak-sobie-radzic\/\"]}]},{\"@type\":\"BreadcrumbList\",\"@id\":\"https:\/\/aptekacentrum.lublin.pl\/blog\/wypalenie-zawodowe-objawy-przyczyny-i-jak-sobie-radzic\/#breadcrumb\",\"itemListElement\":[{\"@type\":\"ListItem\",\"position\":1,\"name\":\"Strona g\u0142\u00f3wna\",\"item\":\"https:\/\/aptekacentrum.lublin.pl\/blog\/\"},{\"@type\":\"ListItem\",\"position\":2,\"name\":\"Wypalenie zawodowe &#8211; objawy, przyczyny i jak sobie radzi\u0107\"}]},{\"@type\":\"WebSite\",\"@id\":\"https:\/\/aptekacentrum.lublin.pl\/blog\/#website\",\"url\":\"https:\/\/aptekacentrum.lublin.pl\/blog\/\",\"name\":\"Blog o zdrowiu\",\"description\":\"Twoja apteka internetowa\",\"publisher\":{\"@id\":\"https:\/\/aptekacentrum.lublin.pl\/blog\/#organization\"},\"potentialAction\":[{\"@type\":\"SearchAction\",\"target\":{\"@type\":\"EntryPoint\",\"urlTemplate\":\"https:\/\/aptekacentrum.lublin.pl\/blog\/?s={search_term_string}\"},\"query-input\":\"required name=search_term_string\"}],\"inLanguage\":\"pl-PL\"},{\"@type\":\"Organization\",\"@id\":\"https:\/\/aptekacentrum.lublin.pl\/blog\/#organization\",\"name\":\"Apteka Centrum\",\"url\":\"https:\/\/aptekacentrum.lublin.pl\/blog\/\",\"sameAs\":[],\"logo\":{\"@type\":\"ImageObject\",\"inLanguage\":\"pl-PL\",\"@id\":\"https:\/\/aptekacentrum.lublin.pl\/blog\/#\/schema\/logo\/image\/\",\"url\":\"https:\/\/aptekacentrum.lublin.pl\/blog\/wp-content\/uploads\/2020\/03\/logo.png\",\"contentUrl\":\"https:\/\/aptekacentrum.lublin.pl\/blog\/wp-content\/uploads\/2020\/03\/logo.png\",\"width\":168,\"height\":119,\"caption\":\"Apteka Centrum\"},\"image\":{\"@id\":\"https:\/\/aptekacentrum.lublin.pl\/blog\/#\/schema\/logo\/image\/\"}},{\"@type\":\"Person\",\"@id\":\"https:\/\/aptekacentrum.lublin.pl\/blog\/#\/schema\/person\/a26e57ad0adb32ddc75dc4fdb0e86865\",\"name\":\"Karolina Winiarska\",\"image\":{\"@type\":\"ImageObject\",\"inLanguage\":\"pl-PL\",\"@id\":\"https:\/\/aptekacentrum.lublin.pl\/blog\/#\/schema\/person\/image\/\",\"url\":\"https:\/\/secure.gravatar.com\/avatar\/30858dc3bc2de4ccdc871a96a2544cf8d3d57970d70b790e28c29a7df28957c2?s=96&d=mm&r=g\",\"contentUrl\":\"https:\/\/secure.gravatar.com\/avatar\/30858dc3bc2de4ccdc871a96a2544cf8d3d57970d70b790e28c29a7df28957c2?s=96&d=mm&r=g\",\"caption\":\"Karolina Winiarska\"}}]}<\/script>\n<!-- \/ Yoast SEO plugin. -->","yoast_head_json":{"title":"Wypalenie zawodowe - objawy, przyczyny i jak sobie radzi\u0107 - Blog o zdrowiu","description":"Blog apteki internetowej aptekacentrum.lublin.pl - znajdziesz tu artyku\u0142y dotycz\u0105ce zdrowia, diety, sportu. Jeste\u015bmy pewni, \u017ce mi\u0142o sp\u0119dzisz czas, a dzi\u0119ki kompleksowemu podej\u015bciu do tematu zyskasz wiedz\u0119 potrzebn\u0105, aby cieszy\u0107 si\u0119 dobrym samopoczuciem i zdrowiem.","robots":{"index":"index","follow":"follow","max-snippet":"max-snippet:-1","max-image-preview":"max-image-preview:large","max-video-preview":"max-video-preview:-1"},"canonical":"https:\/\/aptekacentrum.lublin.pl\/blog\/wypalenie-zawodowe-objawy-przyczyny-i-jak-sobie-radzic\/","og_locale":"pl_PL","og_type":"article","og_title":"Wypalenie zawodowe - objawy, przyczyny i jak sobie radzi\u0107 - Blog o zdrowiu","og_description":"Blog apteki internetowej aptekacentrum.lublin.pl - znajdziesz tu artyku\u0142y dotycz\u0105ce zdrowia, diety, sportu. Jeste\u015bmy pewni, \u017ce mi\u0142o sp\u0119dzisz czas, a dzi\u0119ki kompleksowemu podej\u015bciu do tematu zyskasz wiedz\u0119 potrzebn\u0105, aby cieszy\u0107 si\u0119 dobrym samopoczuciem i zdrowiem.","og_url":"https:\/\/aptekacentrum.lublin.pl\/blog\/wypalenie-zawodowe-objawy-przyczyny-i-jak-sobie-radzic\/","og_site_name":"Blog o zdrowiu","article_published_time":"2026-08-20T12:23:24+00:00","article_modified_time":"2026-09-04T08:03:53+00:00","og_image":[{"width":1000,"height":667,"url":"https:\/\/aptekacentrum.lublin.pl\/blog\/wp-content\/uploads\/2026\/09\/wypalenie-zawodowe.webp","type":"image\/webp"}],"author":"Karolina Winiarska","twitter_card":"summary_large_image","twitter_misc":{"Napisane przez":"Karolina Winiarska","Szacowany czas czytania":"17 minut"},"schema":{"@context":"https:\/\/schema.org","@graph":[{"@type":"Article","@id":"https:\/\/aptekacentrum.lublin.pl\/blog\/wypalenie-zawodowe-objawy-przyczyny-i-jak-sobie-radzic\/#article","isPartOf":{"@id":"https:\/\/aptekacentrum.lublin.pl\/blog\/wypalenie-zawodowe-objawy-przyczyny-i-jak-sobie-radzic\/"},"author":{"name":"Karolina Winiarska","@id":"https:\/\/aptekacentrum.lublin.pl\/blog\/#\/schema\/person\/a26e57ad0adb32ddc75dc4fdb0e86865"},"headline":"Wypalenie zawodowe &#8211; objawy, przyczyny i jak sobie radzi\u0107","datePublished":"2026-08-20T12:23:24+00:00","dateModified":"2026-09-04T08:03:53+00:00","mainEntityOfPage":{"@id":"https:\/\/aptekacentrum.lublin.pl\/blog\/wypalenie-zawodowe-objawy-przyczyny-i-jak-sobie-radzic\/"},"wordCount":3204,"publisher":{"@id":"https:\/\/aptekacentrum.lublin.pl\/blog\/#organization"},"articleSection":["Blog","Emocje","Zdrowie"],"inLanguage":"pl-PL"},{"@type":"WebPage","@id":"https:\/\/aptekacentrum.lublin.pl\/blog\/wypalenie-zawodowe-objawy-przyczyny-i-jak-sobie-radzic\/","url":"https:\/\/aptekacentrum.lublin.pl\/blog\/wypalenie-zawodowe-objawy-przyczyny-i-jak-sobie-radzic\/","name":"Wypalenie zawodowe - objawy, przyczyny i jak sobie radzi\u0107 - Blog o zdrowiu","isPartOf":{"@id":"https:\/\/aptekacentrum.lublin.pl\/blog\/#website"},"datePublished":"2026-08-20T12:23:24+00:00","dateModified":"2026-09-04T08:03:53+00:00","description":"Blog apteki internetowej aptekacentrum.lublin.pl - znajdziesz tu artyku\u0142y dotycz\u0105ce zdrowia, diety, sportu. Jeste\u015bmy pewni, \u017ce mi\u0142o sp\u0119dzisz czas, a dzi\u0119ki kompleksowemu podej\u015bciu do tematu zyskasz wiedz\u0119 potrzebn\u0105, aby cieszy\u0107 si\u0119 dobrym samopoczuciem i zdrowiem.","breadcrumb":{"@id":"https:\/\/aptekacentrum.lublin.pl\/blog\/wypalenie-zawodowe-objawy-przyczyny-i-jak-sobie-radzic\/#breadcrumb"},"inLanguage":"pl-PL","potentialAction":[{"@type":"ReadAction","target":["https:\/\/aptekacentrum.lublin.pl\/blog\/wypalenie-zawodowe-objawy-przyczyny-i-jak-sobie-radzic\/"]}]},{"@type":"BreadcrumbList","@id":"https:\/\/aptekacentrum.lublin.pl\/blog\/wypalenie-zawodowe-objawy-przyczyny-i-jak-sobie-radzic\/#breadcrumb","itemListElement":[{"@type":"ListItem","position":1,"name":"Strona g\u0142\u00f3wna","item":"https:\/\/aptekacentrum.lublin.pl\/blog\/"},{"@type":"ListItem","position":2,"name":"Wypalenie zawodowe &#8211; objawy, przyczyny i jak sobie radzi\u0107"}]},{"@type":"WebSite","@id":"https:\/\/aptekacentrum.lublin.pl\/blog\/#website","url":"https:\/\/aptekacentrum.lublin.pl\/blog\/","name":"Blog o zdrowiu","description":"Twoja apteka internetowa","publisher":{"@id":"https:\/\/aptekacentrum.lublin.pl\/blog\/#organization"},"potentialAction":[{"@type":"SearchAction","target":{"@type":"EntryPoint","urlTemplate":"https:\/\/aptekacentrum.lublin.pl\/blog\/?s={search_term_string}"},"query-input":"required name=search_term_string"}],"inLanguage":"pl-PL"},{"@type":"Organization","@id":"https:\/\/aptekacentrum.lublin.pl\/blog\/#organization","name":"Apteka Centrum","url":"https:\/\/aptekacentrum.lublin.pl\/blog\/","sameAs":[],"logo":{"@type":"ImageObject","inLanguage":"pl-PL","@id":"https:\/\/aptekacentrum.lublin.pl\/blog\/#\/schema\/logo\/image\/","url":"https:\/\/aptekacentrum.lublin.pl\/blog\/wp-content\/uploads\/2020\/03\/logo.png","contentUrl":"https:\/\/aptekacentrum.lublin.pl\/blog\/wp-content\/uploads\/2020\/03\/logo.png","width":168,"height":119,"caption":"Apteka Centrum"},"image":{"@id":"https:\/\/aptekacentrum.lublin.pl\/blog\/#\/schema\/logo\/image\/"}},{"@type":"Person","@id":"https:\/\/aptekacentrum.lublin.pl\/blog\/#\/schema\/person\/a26e57ad0adb32ddc75dc4fdb0e86865","name":"Karolina Winiarska","image":{"@type":"ImageObject","inLanguage":"pl-PL","@id":"https:\/\/aptekacentrum.lublin.pl\/blog\/#\/schema\/person\/image\/","url":"https:\/\/secure.gravatar.com\/avatar\/30858dc3bc2de4ccdc871a96a2544cf8d3d57970d70b790e28c29a7df28957c2?s=96&d=mm&r=g","contentUrl":"https:\/\/secure.gravatar.com\/avatar\/30858dc3bc2de4ccdc871a96a2544cf8d3d57970d70b790e28c29a7df28957c2?s=96&d=mm&r=g","caption":"Karolina Winiarska"}}]}},"_links":{"self":[{"href":"https:\/\/aptekacentrum.lublin.pl\/blog\/wp-json\/wp\/v2\/posts\/1611","targetHints":{"allow":["GET"]}}],"collection":[{"href":"https:\/\/aptekacentrum.lublin.pl\/blog\/wp-json\/wp\/v2\/posts"}],"about":[{"href":"https:\/\/aptekacentrum.lublin.pl\/blog\/wp-json\/wp\/v2\/types\/post"}],"author":[{"embeddable":true,"href":"https:\/\/aptekacentrum.lublin.pl\/blog\/wp-json\/wp\/v2\/users\/1"}],"replies":[{"embeddable":true,"href":"https:\/\/aptekacentrum.lublin.pl\/blog\/wp-json\/wp\/v2\/comments?post=1611"}],"version-history":[{"count":2,"href":"https:\/\/aptekacentrum.lublin.pl\/blog\/wp-json\/wp\/v2\/posts\/1611\/revisions"}],"predecessor-version":[{"id":1616,"href":"https:\/\/aptekacentrum.lublin.pl\/blog\/wp-json\/wp\/v2\/posts\/1611\/revisions\/1616"}],"wp:featuredmedia":[{"embeddable":true,"href":"https:\/\/aptekacentrum.lublin.pl\/blog\/wp-json\/wp\/v2\/media\/1612"}],"wp:attachment":[{"href":"https:\/\/aptekacentrum.lublin.pl\/blog\/wp-json\/wp\/v2\/media?parent=1611"}],"wp:term":[{"taxonomy":"category","embeddable":true,"href":"https:\/\/aptekacentrum.lublin.pl\/blog\/wp-json\/wp\/v2\/categories?post=1611"},{"taxonomy":"post_tag","embeddable":true,"href":"https:\/\/aptekacentrum.lublin.pl\/blog\/wp-json\/wp\/v2\/tags?post=1611"}],"curies":[{"name":"wp","href":"https:\/\/api.w.org\/{rel}","templated":true}]}}